{"id":8458,"date":"2025-06-09T11:13:03","date_gmt":"2025-06-09T11:13:03","guid":{"rendered":"https:\/\/inv.si\/?post_type=news&#038;p=8458"},"modified":"2026-03-06T09:14:12","modified_gmt":"2026-03-06T09:14:12","slug":"appearance-on-the-talk-show-tezisce-sulypont","status":"publish","type":"news","link":"https:\/\/inv.si\/en\/news\/appearance-on-the-talk-show-tezisce-sulypont\/","title":{"rendered":"Appearance on the talk show Te\u017ei\u0161\u010de &#8211; S\u00falypont"},"content":{"rendered":"\r\n<div id=\"content-text-block-block_abe1ee593b3d6bdc698154cddc40a546\" class=\"block-content-text-block\">\r\n    <p><p style=\"text-align: justify\">On Thursday, June 5, 2025, <strong>Prof. Dr. Sonja Novak Lukanovi\u0107<\/strong> and <strong>Dr. Attila Kov\u00e1cs <\/strong>were guests on the Te\u017ei\u0161\u010de program. The program was dedicated to the 100th anniversary of the Ljubljana-based Institute for Ethnic Studies. <\/p>\n<p>You can watch the program <a href=\"https:\/\/365.rtvslo.si\/arhiv\/tezisce-sulypont\/175137230\">HERE. <\/a><\/p>\n<p><img decoding=\"async\" src=\"https:\/\/inv.si\/wp-content\/uploads\/2025\/04\/Pogovorna-oddaja-1.png\" \/><br \/>\n<img decoding=\"async\" src=\"https:\/\/inv.si\/wp-content\/uploads\/2025\/04\/Pogovorna-oddaja-3.png\" \/><br \/>\n<img decoding=\"async\" src=\"https:\/\/inv.si\/wp-content\/uploads\/2025\/04\/Pogovorna-oddaja-4.png\" \/><\/p>\n<p style=\"text-align: center\"><a href=\"https:\/\/inv.si\/\">BACK<\/a><\/p>\n<\/p>\r\n<\/div>","protected":false},"excerpt":{"rendered":"","protected":false},"featured_media":5216,"template":"","categories":[],"class_list":["post-8458","news","type-news","status-publish","has-post-thumbnail","hentry"],"acf":[],"_links":{"self":[{"href":"https:\/\/inv.si\/en\/wp-json\/wp\/v2\/news\/8458","targetHints":{"allow":["GET"]}}],"collection":[{"href":"https:\/\/inv.si\/en\/wp-json\/wp\/v2\/news"}],"about":[{"href":"https:\/\/inv.si\/en\/wp-json\/wp\/v2\/types\/news"}],"wp:featuredmedia":[{"embeddable":true,"href":"https:\/\/inv.si\/en\/wp-json\/wp\/v2\/media\/5216"}],"wp:attachment":[{"href":"https:\/\/inv.si\/en\/wp-json\/wp\/v2\/media?parent=8458"}],"wp:term":[{"taxonomy":"category","embeddable":true,"href":"https:\/\/inv.si\/en\/wp-json\/wp\/v2\/categories?post=8458"}],"curies":[{"name":"wp","href":"https:\/\/api.w.org\/{rel}","templated":true}]}}