{"id":8465,"date":"2025-03-13T11:18:48","date_gmt":"2025-03-13T11:18:48","guid":{"rendered":"https:\/\/inv.si\/?post_type=news&#038;p=8465"},"modified":"2026-03-06T09:14:12","modified_gmt":"2026-03-06T09:14:12","slug":"slovenians-in-brazil-a-conversation-with-neza-hlebanja-phd","status":"publish","type":"news","link":"https:\/\/inv.si\/en\/news\/slovenians-in-brazil-a-conversation-with-neza-hlebanja-phd\/","title":{"rendered":"Slovenians in Brazil \u2013 a conversation with Ne\u017ea Hlebanja, PhD"},"content":{"rendered":"\r\n<div id=\"content-text-block-block_6bdc9ff7654f3ed2d939a6feab97fcdd\" class=\"block-content-text-block\">\r\n    <p><p style=\"text-align: justify\">Dr. Ne\u017ea Hlebanja was a guest on the Radio Ognji\u0161\u010de program Slovenians Around the World on February 23, 2025. The topic of discussion was the immigration of Slovenians to Brazil, the history of the Slovenian immigrant community in Brazil, and their influence on local society and the role of Slovenian immigrants in Brazil. The topic of discussion was the immigration of Slovenians to Brazil, the history of the Slovenian immigrant community in Brazil and its influence on local society, and the role of priests in shaping the Slovenian community.<\/p>\n<p style=\"text-align: justify\">Among other things, Dr. Hlebanja presented some of the findings from her award-winning doctoral thesis. Her scientific monograph <span class=\"s3\">Selected Chapters of the Slovenian Immigrant Community in Brazil<\/span><span class=\"s3\">l<\/span><span class=\"s3\">jenske skupnosti v Braziliji<\/span> was also recently published. She explained why she chose this field of research, how her work progressed, and what surprised and excited her most during her research. She also spoke about the centenary of the Institute for Ethnic Studies, where she works.<\/p>\n<p style=\"text-align: justify\">For those who missed the interview, a recording is available in the Radio Ognji\u0161\u010de archive at the following link:<\/p>\n<p style=\"text-align: justify\"><a href=\"https:\/\/avdio.ognjisce.si\/share\/posnetki\/slovencem_po_svetu_in_domovini\/2025\/sl_2025_02_23_neza_hlebanja_brazilija.mp3\"><span class=\"s4\">https:\/\/avdio. ognjisce.si\/share\/posnetki\/slovencem_po_svetu_in_domovini\/2025\/sl_2025_02_23_neza_hlebanja_brazilija.mp3<\/span><\/a><\/p>\n<\/p>\r\n<\/div>","protected":false},"excerpt":{"rendered":"","protected":false},"featured_media":4172,"template":"","categories":[],"class_list":["post-8465","news","type-news","status-publish","has-post-thumbnail","hentry"],"acf":[],"_links":{"self":[{"href":"https:\/\/inv.si\/en\/wp-json\/wp\/v2\/news\/8465","targetHints":{"allow":["GET"]}}],"collection":[{"href":"https:\/\/inv.si\/en\/wp-json\/wp\/v2\/news"}],"about":[{"href":"https:\/\/inv.si\/en\/wp-json\/wp\/v2\/types\/news"}],"wp:featuredmedia":[{"embeddable":true,"href":"https:\/\/inv.si\/en\/wp-json\/wp\/v2\/media\/4172"}],"wp:attachment":[{"href":"https:\/\/inv.si\/en\/wp-json\/wp\/v2\/media?parent=8465"}],"wp:term":[{"taxonomy":"category","embeddable":true,"href":"https:\/\/inv.si\/en\/wp-json\/wp\/v2\/categories?post=8465"}],"curies":[{"name":"wp","href":"https:\/\/api.w.org\/{rel}","templated":true}]}}